{"id":16074,"date":"2020-03-12T17:34:21","date_gmt":"2020-03-12T16:34:21","guid":{"rendered":"https:\/\/dacanal.it\/2020\/03\/12\/trasporti-ed-emergenza-sanitaria-al-12-marzo-2020\/"},"modified":"2020-03-12T17:34:21","modified_gmt":"2020-03-12T16:34:21","slug":"trasporti-ed-emergenza-sanitaria-al-12-marzo-2020","status":"publish","type":"post","link":"https:\/\/dacanal.it\/en\/trasporti-ed-emergenza-sanitaria-al-12-marzo-2020\/","title":{"rendered":"Trasporti ed emergenza sanitaria a marzo 2020"},"content":{"rendered":"<p><!--:it-->In ottemperanza al DPCM 11 marzo 2020, restano <strong>confermate le attivit\u00e0 di trasporto e logistica<\/strong> strumentali alle attivit\u00e0 commerciali in funzione (alimentari, farmacie, carburante, ecc.), cos\u00ec come le attivit\u00e0 di trasporto necessarie per garantire l\u2019attivit\u00e0 delle fabbriche e delle industrie. Anche benzinai e meccanici possono continuare le proprie attivit\u00e0, ferme restando le misure di igiene e prevenzione previste.<\/p>\n<p>Come richiesto da ANITA, \u00e8 stata consentita l\u2019apertura degli <strong>Autogrill<\/strong> situati lungo la rete stradale, autostradale e all\u2019interno delle stazioni ferroviarie, aeroportuali e negli ospedali garantendo la distanza di sicurezza interpersonale di un metro.<\/p>\n<p>Sul versante dei trasporti internazionali si sta profilando una situazione difficile con pesanti ricadute sul <strong>settore dell&#8217;export<\/strong>, che rischia la paralisi. <a href=\"https:\/\/www.trasporti-italia.com\/autotrasporto\/austria-interrotti-i-collegamenti-con-l-italia-via-libera-al-trasporto-merci-con-restrizioni\/42096\">A seguito delle dichiarazioni<\/a> del Cancelliere austriaco Kurz in conferenza stampa, il passaggio alle frontiere \u00e8 autorizzato dietro presentazione di un certificato medico che esclude l\u2019assenza d\u2019infezione da COVID-19. Nella giornata del 12 marzo, questo ha comportato un <a href=\"https:\/\/www.anita.it\/news.asp?id=1724\">allungamento dei tempi<\/a> di attraversamento del Passo del Brennero di circa 3 ore per ogni automezzo, con code fino a Bressanone.<\/p>\n<p>Condividiamo infine le parole del nostro partner Golia, che <a href=\"http:\/\/www.goliaweb.it\/it\/news\/L-AUTOTRASPORTO-NON-SI-FERMA-continua-ad-essere-uno-dei-principali-rimedi-alla-crisi-da-CoronaVirus._791.htm\">ben riassume<\/a> il <strong>valore dell\u2019autotrasporto<\/strong> nell\u2019attuale situazione economica italiana:<\/p>\n<blockquote><p>\u201cL\u2019autotrasporto \u00e8 considerato vitale e strategico e rientra fra le attivit\u00e0 garantite e che possono, a loro volta, garantire la prosecuzione di questa importante battaglia contro il pericolo subdolo dell&#8217;epidemia.\u201d<\/p><\/blockquote>\n<h2>AGGIORNAMENTO 13 MARZO<\/h2>\n<div>\n<p>Il MIT ha pubblicato oggi sul proprio sito <a href=\"http:\/\/www.mit.gov.it\/comunicazione\/news\/coronavirus\/coronavirus-entro-domani-linee-guida-per-logistica-e-disponibilita\">un comunicato<\/a> con il quale la Ministra delle Infrastrutture e dei Trasporti, Paola De Micheli, dopo aver ascoltato per le vie brevi le esigenze provenienti dalla filiera della logistica, attraverso interlocuzioni con le associazioni di categoria e i sindacati, ha preannunciato entro domani la disponibilit\u00e0 di\u00a0<b>linee guida relative alla sicurezza nel settore logistico<\/b>, al fine di fornire ai lavoratori dell\u2019intera filiera disposizioni utili in materia igienico-sanitaria.<\/p>\n<p>Il ruolo della logistica &#8211; in questo momento cos\u00ec delicato per il Paese &#8211;\u00a0\u00e8 ancora pi\u00f9 strategico.<\/p>\n<\/div>\n<div>\n<p>Nella giornata odierna, la Ministra ha avuto inoltre un colloquio con il suo omologo tedesco,\u00a0Andrea Scheuer, per affrontare i problemi nel traffico merci riscontrati al <strong>Brennero<\/strong> e ai nostri confini orientali, illustrando tutte le misure che l\u2019Italia sta mettendo in campo per assicurare la massima\u00a0sicurezza e\u00a0tutela dei lavoratori nel settore dei trasporti e non solo, la cui impostazione \u00e8 stata condivisa dal Ministro tedesco. La De\u00a0Micheli ha poi comunicato la proposta avanzata ieri alla Ministra austriaca Gewessler di sospendere i\u00a0divieti al\u00a0transito\u00a0dei mezzi pesanti nei fine settimana,\u00a0su base di reciprocit\u00e0 fra i tre Paesi. De Micheli e Scheuer si sono impegnati a\u00a0coordinarsi ulteriormente, anche in vista del Consiglio straordinario dei Trasporti UE del 18 marzo prossimo, al fine di avanzare in quella sede eventuali proposte congiunte.<\/p>\n<p>In serata, il Presidente di ANITA, Thomas Baumgartner, ha dichiarato:<\/p>\n<p>&#8220;Il Governo e il Paese si devono rendere conto che <strong>stiamo svolgendo una vera e propria missione per la collettivit\u00e0<\/strong>, per garantire gli approvvigionamenti dei prodotti di prima necessit\u00e0 (alimentari, sanitarie, farmaceutici ed altri) e delle merci per i pochi comparti produttivi rimasti aperti per \u00a0tenere in piedi &#8211; per quanto possibile &#8211; il sistema economico e produttivo italiano. [&#8230;] Le imprese di ANITA ribadiscono l\u2019impellente necessit\u00e0\u00a0che il Governo intervenga con misure specifiche per alleviare i maggiori costi delle imprese di trasporto riconoscendo il trasporto e la logistica\u00a0 tra le filiere maggiormente colpite dall\u2019emergenza sanitaria, con interventi specifici di sostegno e di politiche in ambito internazionale per far riconoscere la validit\u00e0 delle misure sanitarie adottate dall\u2019Italia e per approdare a misure di controllo e comportamentali omogenee sul territorio europeo in relazione alla movimentazione delle merci.<\/p>\n<\/div>\n<p><!--:--><\/p>\n","protected":false},"excerpt":{"rendered":"<p>In ottemperanza al DPCM 11 marzo 2020, restano confermate le attivit\u00e0 di trasporto e logistica strumentali alle attivit\u00e0 commerciali in funzione (alimentari, farmacie, carburante, ecc.), cos\u00ec come le attivit\u00e0 di trasporto necessarie per garantire l\u2019attivit\u00e0 delle fabbriche e delle industrie. Anche benzinai e meccanici possono continuare le proprie attivit\u00e0, ferme restando le misure di igiene&hellip;<\/p>\n","protected":false},"author":2,"featured_media":15863,"comment_status":"closed","ping_status":"closed","sticky":false,"template":"","format":"standard","meta":{"footnotes":""},"categories":[65],"tags":[],"class_list":["post-16074","post","type-post","status-publish","format-standard","has-post-thumbnail","hentry","category-news-en","category-65","description-off"],"yoast_head":"<!-- This site is optimized with the Yoast SEO plugin v27.4 - https:\/\/yoast.com\/product\/yoast-seo-wordpress\/ -->\n<title>Trasporti ed emergenza sanitaria a marzo 2020 | Da Canal<\/title>\n<meta name=\"robots\" content=\"index, follow, max-snippet:-1, max-image-preview:large, max-video-preview:-1\" \/>\n<link rel=\"canonical\" href=\"https:\/\/dacanal.it\/en\/trasporti-ed-emergenza-sanitaria-al-12-marzo-2020\/\" \/>\n<meta property=\"og:locale\" content=\"en_US\" \/>\n<meta property=\"og:type\" content=\"article\" \/>\n<meta property=\"og:title\" content=\"Trasporti ed emergenza sanitaria a marzo 2020 | Da Canal\" \/>\n<meta property=\"og:description\" content=\"In ottemperanza al DPCM 11 marzo 2020, restano confermate le attivit\u00e0 di trasporto e logistica strumentali alle attivit\u00e0 commerciali in funzione (alimentari, farmacie, carburante, ecc.), cos\u00ec come le attivit\u00e0 di trasporto necessarie per garantire l\u2019attivit\u00e0 delle fabbriche e delle industrie. Anche benzinai e meccanici possono continuare le proprie attivit\u00e0, ferme restando le misure di igiene&hellip;\" \/>\n<meta property=\"og:url\" content=\"https:\/\/dacanal.it\/en\/trasporti-ed-emergenza-sanitaria-al-12-marzo-2020\/\" \/>\n<meta property=\"og:site_name\" content=\"Da Canal\" \/>\n<meta property=\"article:published_time\" content=\"2020-03-12T16:34:21+00:00\" \/>\n<meta property=\"og:image\" content=\"https:\/\/dacanal.it\/wp-content\/uploads\/2020\/03\/circolazione-marzo-2020-coronavirus.jpg\" \/>\n\t<meta property=\"og:image:width\" content=\"1080\" \/>\n\t<meta property=\"og:image:height\" content=\"708\" \/>\n\t<meta property=\"og:image:type\" content=\"image\/jpeg\" \/>\n<meta name=\"author\" content=\"dacanal\" \/>\n<meta name=\"twitter:card\" content=\"summary_large_image\" \/>\n<meta name=\"twitter:label1\" content=\"Written by\" \/>\n\t<meta name=\"twitter:data1\" content=\"dacanal\" \/>\n\t<meta name=\"twitter:label2\" content=\"Est. reading time\" \/>\n\t<meta name=\"twitter:data2\" content=\"3 minutes\" \/>\n<script type=\"application\/ld+json\" class=\"yoast-schema-graph\">{\"@context\":\"https:\\\/\\\/schema.org\",\"@graph\":[{\"@type\":\"Article\",\"@id\":\"https:\\\/\\\/dacanal.it\\\/en\\\/trasporti-ed-emergenza-sanitaria-al-12-marzo-2020\\\/#article\",\"isPartOf\":{\"@id\":\"https:\\\/\\\/dacanal.it\\\/en\\\/trasporti-ed-emergenza-sanitaria-al-12-marzo-2020\\\/\"},\"author\":{\"name\":\"dacanal\",\"@id\":\"https:\\\/\\\/dacanal.it\\\/en\\\/#\\\/schema\\\/person\\\/f89394053c1c1624a9c3720a1bdc25ac\"},\"headline\":\"Trasporti ed emergenza sanitaria a marzo 2020\",\"datePublished\":\"2020-03-12T16:34:21+00:00\",\"mainEntityOfPage\":{\"@id\":\"https:\\\/\\\/dacanal.it\\\/en\\\/trasporti-ed-emergenza-sanitaria-al-12-marzo-2020\\\/\"},\"wordCount\":605,\"publisher\":{\"@id\":\"https:\\\/\\\/dacanal.it\\\/en\\\/#organization\"},\"image\":{\"@id\":\"https:\\\/\\\/dacanal.it\\\/en\\\/trasporti-ed-emergenza-sanitaria-al-12-marzo-2020\\\/#primaryimage\"},\"thumbnailUrl\":\"https:\\\/\\\/dacanal.it\\\/wp-content\\\/uploads\\\/2020\\\/03\\\/circolazione-marzo-2020-coronavirus.jpg\",\"articleSection\":[\"News\"],\"inLanguage\":\"en-US\"},{\"@type\":\"WebPage\",\"@id\":\"https:\\\/\\\/dacanal.it\\\/en\\\/trasporti-ed-emergenza-sanitaria-al-12-marzo-2020\\\/\",\"url\":\"https:\\\/\\\/dacanal.it\\\/en\\\/trasporti-ed-emergenza-sanitaria-al-12-marzo-2020\\\/\",\"name\":\"Trasporti ed emergenza sanitaria a marzo 2020 | Da Canal\",\"isPartOf\":{\"@id\":\"https:\\\/\\\/dacanal.it\\\/en\\\/#website\"},\"primaryImageOfPage\":{\"@id\":\"https:\\\/\\\/dacanal.it\\\/en\\\/trasporti-ed-emergenza-sanitaria-al-12-marzo-2020\\\/#primaryimage\"},\"image\":{\"@id\":\"https:\\\/\\\/dacanal.it\\\/en\\\/trasporti-ed-emergenza-sanitaria-al-12-marzo-2020\\\/#primaryimage\"},\"thumbnailUrl\":\"https:\\\/\\\/dacanal.it\\\/wp-content\\\/uploads\\\/2020\\\/03\\\/circolazione-marzo-2020-coronavirus.jpg\",\"datePublished\":\"2020-03-12T16:34:21+00:00\",\"breadcrumb\":{\"@id\":\"https:\\\/\\\/dacanal.it\\\/en\\\/trasporti-ed-emergenza-sanitaria-al-12-marzo-2020\\\/#breadcrumb\"},\"inLanguage\":\"en-US\",\"potentialAction\":[{\"@type\":\"ReadAction\",\"target\":[\"https:\\\/\\\/dacanal.it\\\/en\\\/trasporti-ed-emergenza-sanitaria-al-12-marzo-2020\\\/\"]}]},{\"@type\":\"ImageObject\",\"inLanguage\":\"en-US\",\"@id\":\"https:\\\/\\\/dacanal.it\\\/en\\\/trasporti-ed-emergenza-sanitaria-al-12-marzo-2020\\\/#primaryimage\",\"url\":\"https:\\\/\\\/dacanal.it\\\/wp-content\\\/uploads\\\/2020\\\/03\\\/circolazione-marzo-2020-coronavirus.jpg\",\"contentUrl\":\"https:\\\/\\\/dacanal.it\\\/wp-content\\\/uploads\\\/2020\\\/03\\\/circolazione-marzo-2020-coronavirus.jpg\",\"width\":1080,\"height\":708},{\"@type\":\"BreadcrumbList\",\"@id\":\"https:\\\/\\\/dacanal.it\\\/en\\\/trasporti-ed-emergenza-sanitaria-al-12-marzo-2020\\\/#breadcrumb\",\"itemListElement\":[{\"@type\":\"ListItem\",\"position\":1,\"name\":\"Home\",\"item\":\"https:\\\/\\\/dacanal.it\\\/en\\\/\"},{\"@type\":\"ListItem\",\"position\":2,\"name\":\"Trasporti ed emergenza sanitaria a marzo 2020\"}]},{\"@type\":\"WebSite\",\"@id\":\"https:\\\/\\\/dacanal.it\\\/en\\\/#website\",\"url\":\"https:\\\/\\\/dacanal.it\\\/en\\\/\",\"name\":\"Da Canal\",\"description\":\"La nostra flessibilit\u00e0 al Vostro servizio\",\"publisher\":{\"@id\":\"https:\\\/\\\/dacanal.it\\\/en\\\/#organization\"},\"potentialAction\":[{\"@type\":\"SearchAction\",\"target\":{\"@type\":\"EntryPoint\",\"urlTemplate\":\"https:\\\/\\\/dacanal.it\\\/en\\\/?s={search_term_string}\"},\"query-input\":{\"@type\":\"PropertyValueSpecification\",\"valueRequired\":true,\"valueName\":\"search_term_string\"}}],\"inLanguage\":\"en-US\"},{\"@type\":\"Organization\",\"@id\":\"https:\\\/\\\/dacanal.it\\\/en\\\/#organization\",\"name\":\"Da Canal\",\"url\":\"https:\\\/\\\/dacanal.it\\\/en\\\/\",\"logo\":{\"@type\":\"ImageObject\",\"inLanguage\":\"en-US\",\"@id\":\"https:\\\/\\\/dacanal.it\\\/en\\\/#\\\/schema\\\/logo\\\/image\\\/\",\"url\":\"https:\\\/\\\/dacanal.it\\\/wp-content\\\/uploads\\\/2022\\\/05\\\/dacanal-logo-blue-400.png\",\"contentUrl\":\"https:\\\/\\\/dacanal.it\\\/wp-content\\\/uploads\\\/2022\\\/05\\\/dacanal-logo-blue-400.png\",\"width\":400,\"height\":63,\"caption\":\"Da Canal\"},\"image\":{\"@id\":\"https:\\\/\\\/dacanal.it\\\/en\\\/#\\\/schema\\\/logo\\\/image\\\/\"}},{\"@type\":\"Person\",\"@id\":\"https:\\\/\\\/dacanal.it\\\/en\\\/#\\\/schema\\\/person\\\/f89394053c1c1624a9c3720a1bdc25ac\",\"name\":\"dacanal\",\"image\":{\"@type\":\"ImageObject\",\"inLanguage\":\"en-US\",\"@id\":\"https:\\\/\\\/secure.gravatar.com\\\/avatar\\\/3e6ec54a8c5f59b155b62c8cb00478bd19e62c0314492bd36159f4f69ac0a666?s=96&d=mm&r=g\",\"url\":\"https:\\\/\\\/secure.gravatar.com\\\/avatar\\\/3e6ec54a8c5f59b155b62c8cb00478bd19e62c0314492bd36159f4f69ac0a666?s=96&d=mm&r=g\",\"contentUrl\":\"https:\\\/\\\/secure.gravatar.com\\\/avatar\\\/3e6ec54a8c5f59b155b62c8cb00478bd19e62c0314492bd36159f4f69ac0a666?s=96&d=mm&r=g\",\"caption\":\"dacanal\"}}]}<\/script>\n<!-- \/ Yoast SEO plugin. -->","yoast_head_json":{"title":"Trasporti ed emergenza sanitaria a marzo 2020 | Da Canal","robots":{"index":"index","follow":"follow","max-snippet":"max-snippet:-1","max-image-preview":"max-image-preview:large","max-video-preview":"max-video-preview:-1"},"canonical":"https:\/\/dacanal.it\/en\/trasporti-ed-emergenza-sanitaria-al-12-marzo-2020\/","og_locale":"en_US","og_type":"article","og_title":"Trasporti ed emergenza sanitaria a marzo 2020 | Da Canal","og_description":"In ottemperanza al DPCM 11 marzo 2020, restano confermate le attivit\u00e0 di trasporto e logistica strumentali alle attivit\u00e0 commerciali in funzione (alimentari, farmacie, carburante, ecc.), cos\u00ec come le attivit\u00e0 di trasporto necessarie per garantire l\u2019attivit\u00e0 delle fabbriche e delle industrie. Anche benzinai e meccanici possono continuare le proprie attivit\u00e0, ferme restando le misure di igiene&hellip;","og_url":"https:\/\/dacanal.it\/en\/trasporti-ed-emergenza-sanitaria-al-12-marzo-2020\/","og_site_name":"Da Canal","article_published_time":"2020-03-12T16:34:21+00:00","og_image":[{"width":1080,"height":708,"url":"https:\/\/dacanal.it\/wp-content\/uploads\/2020\/03\/circolazione-marzo-2020-coronavirus.jpg","type":"image\/jpeg"}],"author":"dacanal","twitter_card":"summary_large_image","twitter_misc":{"Written by":"dacanal","Est. reading time":"3 minutes"},"schema":{"@context":"https:\/\/schema.org","@graph":[{"@type":"Article","@id":"https:\/\/dacanal.it\/en\/trasporti-ed-emergenza-sanitaria-al-12-marzo-2020\/#article","isPartOf":{"@id":"https:\/\/dacanal.it\/en\/trasporti-ed-emergenza-sanitaria-al-12-marzo-2020\/"},"author":{"name":"dacanal","@id":"https:\/\/dacanal.it\/en\/#\/schema\/person\/f89394053c1c1624a9c3720a1bdc25ac"},"headline":"Trasporti ed emergenza sanitaria a marzo 2020","datePublished":"2020-03-12T16:34:21+00:00","mainEntityOfPage":{"@id":"https:\/\/dacanal.it\/en\/trasporti-ed-emergenza-sanitaria-al-12-marzo-2020\/"},"wordCount":605,"publisher":{"@id":"https:\/\/dacanal.it\/en\/#organization"},"image":{"@id":"https:\/\/dacanal.it\/en\/trasporti-ed-emergenza-sanitaria-al-12-marzo-2020\/#primaryimage"},"thumbnailUrl":"https:\/\/dacanal.it\/wp-content\/uploads\/2020\/03\/circolazione-marzo-2020-coronavirus.jpg","articleSection":["News"],"inLanguage":"en-US"},{"@type":"WebPage","@id":"https:\/\/dacanal.it\/en\/trasporti-ed-emergenza-sanitaria-al-12-marzo-2020\/","url":"https:\/\/dacanal.it\/en\/trasporti-ed-emergenza-sanitaria-al-12-marzo-2020\/","name":"Trasporti ed emergenza sanitaria a marzo 2020 | Da Canal","isPartOf":{"@id":"https:\/\/dacanal.it\/en\/#website"},"primaryImageOfPage":{"@id":"https:\/\/dacanal.it\/en\/trasporti-ed-emergenza-sanitaria-al-12-marzo-2020\/#primaryimage"},"image":{"@id":"https:\/\/dacanal.it\/en\/trasporti-ed-emergenza-sanitaria-al-12-marzo-2020\/#primaryimage"},"thumbnailUrl":"https:\/\/dacanal.it\/wp-content\/uploads\/2020\/03\/circolazione-marzo-2020-coronavirus.jpg","datePublished":"2020-03-12T16:34:21+00:00","breadcrumb":{"@id":"https:\/\/dacanal.it\/en\/trasporti-ed-emergenza-sanitaria-al-12-marzo-2020\/#breadcrumb"},"inLanguage":"en-US","potentialAction":[{"@type":"ReadAction","target":["https:\/\/dacanal.it\/en\/trasporti-ed-emergenza-sanitaria-al-12-marzo-2020\/"]}]},{"@type":"ImageObject","inLanguage":"en-US","@id":"https:\/\/dacanal.it\/en\/trasporti-ed-emergenza-sanitaria-al-12-marzo-2020\/#primaryimage","url":"https:\/\/dacanal.it\/wp-content\/uploads\/2020\/03\/circolazione-marzo-2020-coronavirus.jpg","contentUrl":"https:\/\/dacanal.it\/wp-content\/uploads\/2020\/03\/circolazione-marzo-2020-coronavirus.jpg","width":1080,"height":708},{"@type":"BreadcrumbList","@id":"https:\/\/dacanal.it\/en\/trasporti-ed-emergenza-sanitaria-al-12-marzo-2020\/#breadcrumb","itemListElement":[{"@type":"ListItem","position":1,"name":"Home","item":"https:\/\/dacanal.it\/en\/"},{"@type":"ListItem","position":2,"name":"Trasporti ed emergenza sanitaria a marzo 2020"}]},{"@type":"WebSite","@id":"https:\/\/dacanal.it\/en\/#website","url":"https:\/\/dacanal.it\/en\/","name":"Da Canal","description":"La nostra flessibilit\u00e0 al Vostro servizio","publisher":{"@id":"https:\/\/dacanal.it\/en\/#organization"},"potentialAction":[{"@type":"SearchAction","target":{"@type":"EntryPoint","urlTemplate":"https:\/\/dacanal.it\/en\/?s={search_term_string}"},"query-input":{"@type":"PropertyValueSpecification","valueRequired":true,"valueName":"search_term_string"}}],"inLanguage":"en-US"},{"@type":"Organization","@id":"https:\/\/dacanal.it\/en\/#organization","name":"Da Canal","url":"https:\/\/dacanal.it\/en\/","logo":{"@type":"ImageObject","inLanguage":"en-US","@id":"https:\/\/dacanal.it\/en\/#\/schema\/logo\/image\/","url":"https:\/\/dacanal.it\/wp-content\/uploads\/2022\/05\/dacanal-logo-blue-400.png","contentUrl":"https:\/\/dacanal.it\/wp-content\/uploads\/2022\/05\/dacanal-logo-blue-400.png","width":400,"height":63,"caption":"Da Canal"},"image":{"@id":"https:\/\/dacanal.it\/en\/#\/schema\/logo\/image\/"}},{"@type":"Person","@id":"https:\/\/dacanal.it\/en\/#\/schema\/person\/f89394053c1c1624a9c3720a1bdc25ac","name":"dacanal","image":{"@type":"ImageObject","inLanguage":"en-US","@id":"https:\/\/secure.gravatar.com\/avatar\/3e6ec54a8c5f59b155b62c8cb00478bd19e62c0314492bd36159f4f69ac0a666?s=96&d=mm&r=g","url":"https:\/\/secure.gravatar.com\/avatar\/3e6ec54a8c5f59b155b62c8cb00478bd19e62c0314492bd36159f4f69ac0a666?s=96&d=mm&r=g","contentUrl":"https:\/\/secure.gravatar.com\/avatar\/3e6ec54a8c5f59b155b62c8cb00478bd19e62c0314492bd36159f4f69ac0a666?s=96&d=mm&r=g","caption":"dacanal"}}]}},"_links":{"self":[{"href":"https:\/\/dacanal.it\/en\/wp-json\/wp\/v2\/posts\/16074","targetHints":{"allow":["GET"]}}],"collection":[{"href":"https:\/\/dacanal.it\/en\/wp-json\/wp\/v2\/posts"}],"about":[{"href":"https:\/\/dacanal.it\/en\/wp-json\/wp\/v2\/types\/post"}],"author":[{"embeddable":true,"href":"https:\/\/dacanal.it\/en\/wp-json\/wp\/v2\/users\/2"}],"replies":[{"embeddable":true,"href":"https:\/\/dacanal.it\/en\/wp-json\/wp\/v2\/comments?post=16074"}],"version-history":[{"count":0,"href":"https:\/\/dacanal.it\/en\/wp-json\/wp\/v2\/posts\/16074\/revisions"}],"wp:featuredmedia":[{"embeddable":true,"href":"https:\/\/dacanal.it\/en\/wp-json\/wp\/v2\/media\/15863"}],"wp:attachment":[{"href":"https:\/\/dacanal.it\/en\/wp-json\/wp\/v2\/media?parent=16074"}],"wp:term":[{"taxonomy":"category","embeddable":true,"href":"https:\/\/dacanal.it\/en\/wp-json\/wp\/v2\/categories?post=16074"},{"taxonomy":"post_tag","embeddable":true,"href":"https:\/\/dacanal.it\/en\/wp-json\/wp\/v2\/tags?post=16074"}],"curies":[{"name":"wp","href":"https:\/\/api.w.org\/{rel}","templated":true}]}}